{"id":8081,"date":"2021-10-13T17:01:06","date_gmt":"2021-10-13T15:01:06","guid":{"rendered":"https:\/\/wordpress.pinktum.dev\/barrierefreiheit-in-der-betrieblichen-weiterbildung\/"},"modified":"2025-02-10T12:06:58","modified_gmt":"2025-02-10T11:06:58","slug":"barrierefreiheit-in-der-betrieblichen-weiterbildung","status":"publish","type":"post","link":"https:\/\/www.pinktum.com\/es\/competencias-interpersonales-es\/barrierefreiheit-in-der-betrieblichen-weiterbildung\/","title":{"rendered":"Barrierefreiheit in der betrieblichen Weiterbildung"},"content":{"rendered":"\n<p>\u201eHallo, sch\u00f6nen guten Morgen!\u201c, ruft mir mein Kollege zu. \u201eAlles klar?\u201c \u201eAlles klar\u201c, denke ich und freue mich, dass es ihm bei uns gut geht. Seine Einschr\u00e4nkung ist kein Thema mehr. Er macht einen guten Job und navigiert zielsicher durch die G\u00e4nge. Was man dabei wissen muss: Seine Sehkraft ist stark eingeschr\u00e4nkt. Er ist nahezu blind.<\/p>\n\n\n\n<h2 class=\"wp-block-heading\"><br>Barrierefreie Angebote \u2013 nicht nur f\u00fcr Menschen mit Behinderungen<\/h2>\n\n\n\n<p>Das Gespr\u00e4ch \u00fcber \u201eBarrierefreiheit\u201c und \u201eBehinderungen\u201c weckt Bilder von Rollstuhlfahrern, Sehbehinderten oder Menschen mit geistigen Behinderungen. Tats\u00e4chlich ist jedoch der Kreis derer, die von einem barrierefreien Weiterbildungsangebot profitieren, weitaus gr\u00f6\u00dfer. Dazu z\u00e4hlen etwa:<\/p>\n\n\n\n<ul class=\"wp-block-list\">\n<li>Mitarbeitende, f\u00fcr die Deutsch eine Fremdsprache ist.<\/li>\n\n\n\n<li>Menschen mit Lese- und Rechtschreibschw\u00e4chen durch <a href=\"https:\/\/www.legasthenie-karriere.com\/legasthenie-haeufigkeit\/\" target=\"_blank\" rel=\"noopener\">Legasthenie<\/a>. Rund f\u00fcnf Prozent eines Jahrgangs gelten als davon betroffen.<\/li>\n\n\n\n<li>Funktionale <a href=\"https:\/\/www.aktion-mensch.de\/dafuer-stehen-wir\/was-ist-inklusion\/analphabetismus\" target=\"_blank\" rel=\"noopener\">Analphabeten<\/a>. Gemeint sind Menschen, die sehr wohl einzelne W\u00f6rter oder S\u00e4tze lesen k\u00f6nnen. Mit zusammenh\u00e4ngenden S\u00e4tzen tun sie sich jedoch schwer. In Deutschland rechnet man mit etwa 7,5 Millionen Erwachsenen.<\/li>\n\n\n\n<li>Schlie\u00dflich sind da die rund 4,9 Millionen <a href=\"https:\/\/www.destatis.de\/DE\/Presse\/Pressemitteilungen\/Zahl-der-Woche\/2021\/PD21_20_p002.html;jsessionid=ED1F047598946698D43F0BF7ADD0ED1F.live721\" target=\"_blank\" rel=\"noopener\">Menschen mit Behinderung<\/a> in Deutschland, im erwerbsf\u00e4higen Alter.<\/li>\n\n\n\n<li>Viele haben sichtbare Behinderungen. Doch daneben gibt es zahlreiche \u201eunsichtbaren\u201c Behinderungen wie Krebserkrankungen, Rheuma oder Asthma.<\/li>\n<\/ul>\n\n\n\n<p>H\u00e4ttest du gedacht, dass auch Depressionserkrankungen als schwere Behinderungen eingestuft werden k\u00f6nnen?<\/p>\n\n\n\n<h2 class=\"wp-block-heading\"><br>Heute jung und stark \u2013 in zehn Jahren vielleicht schwerbehindert<\/h2>\n\n\n\n<p>Viele Einschr\u00e4nkungen stellen sich erst Lauf des Lebens ein, weil Menschen erkranken oder einen Unfall erleiden. Deutlich mehr als die H\u00e4lfte aller Schwerbehinderten sind&nbsp;<a href=\"https:\/\/www.destatis.de\/DE\/Presse\/Pressemitteilungen\/2020\/06\/PD20_230_227.html;jsessionid=BD6093EEE052AA6A95AA77DECF4BDD31.live721\" target=\"_blank\" rel=\"noopener\">\u00e4lter als 65 Jahre<\/a>.<\/p>\n\n\n\n<figure class=\"wp-block-image size-full\"><img fetchpriority=\"high\" decoding=\"async\" width=\"600\" height=\"350\" src=\"https:\/\/wordpress.pinktum.dev\/wp-content\/uploads\/2025\/01\/Barrierefreiheit-Lernen.png\" alt=\"\" class=\"wp-image-4240\" srcset=\"https:\/\/www.pinktum.com\/wp-content\/uploads\/2025\/01\/Barrierefreiheit-Lernen.png 600w, https:\/\/www.pinktum.com\/wp-content\/uploads\/2025\/01\/Barrierefreiheit-Lernen-300x175.png 300w\" sizes=\"(max-width: 600px) 100vw, 600px\" \/><\/figure>\n\n\n\n<p>Zeit also, die Vorbehalte und \u00c4ngste gegen\u00fcber Menschen mit Einschr\u00e4nkungen abzubauen. Wer heute jung und fit ist, kann in zehn oder f\u00fcnfzehn Jahre selbst betroffen sein. Sicher ist es nicht \u00fcbertrieben zu behaupten, dass Unternehmen mit mehr als 30 Mitarbeitenden zum Kreis derer geh\u00f6ren, die von einem barrierefreien Weiterbildungsangebot profitieren k\u00f6nnen.<\/p>\n\n\n\n<h2 class=\"wp-block-heading\"><br>Barrierefreiheit bedeutet \u2013 was genau?<\/h2>\n\n\n\n<p>Barrierefreiheit bedeutet, dass alle Beteiligte an der betrieblichen Weiterbildung teilhaben k\u00f6nnen, und zwar allein und ohne fremde Hilfe: ob sie die deutsche Sprache gut beherrschen oder weniger. Ob sie mit digitalen Technologien vertraut sind oder nicht. Ob ihre Mobilit\u00e4t dauerhaft eingeschr\u00e4nkt ist oder vor\u00fcbergehend. Ob sie gut sehen k\u00f6nnen oder h\u00f6ren oder nicht. Alle k\u00f6nnen teilhaben.<\/p>\n\n\n\n<p>Die Bundesrepublik Deutschland bekennt sich zur Chance auf eine selbstbestimmte Lebensf\u00fchrung. Das Gesetz zur Gleichstellung von Menschen mit Behinderungen BGG regelt Rechte und Pflichten der staatlichen Institutionen.<\/p>\n\n\n\n<p>Private Unternehmen sind nicht einbezogen. Doch sie k\u00f6nnten sich aus \u00dcberzeugung an diesem Gesetz orientieren \u2013 und m\u00f6glicherweise auch aufgrund von wirtschaftlichen Erw\u00e4gungen: Betriebliche Weiterbildung ist dann am effizientesten, wenn alle Mitarbeitenden weiter kommen.<\/p>\n\n\n\n<h2 class=\"wp-block-heading\"><br>Barrierefreie Weiterbildung bei PINKTUM<\/h2>\n\n\n\n<p>Aus diesen Gr\u00fcnden haben auch wir bei PINKTUM unser Angebot angepasst. Mach dir einfach selbst ein Bild! Personaler\/innen richten wir gerne einen <a href=\"https:\/\/www.pinktum.com\/es\/prueba-gratuita\/\">Testzugang <\/a>ein. Einfach anrufen unter +49 89 547 27 84 10 oder \u00fcber unser Kontaktformular.<\/p>\n","protected":false},"excerpt":{"rendered":"<p>Das Gespr\u00e4ch \u00fcber \u201eBarrierefreiheit\u201c und \u201eBehinderungen\u201c weckt Bilder von Rollstuhlfahrern, Sehbehinderten oder Menschen mit geistigen Behinderungen. Tats\u00e4chlich ist jedoch der Kreis derer, die von einem barrierefreien Weiterbildungsangebot profitieren, weitaus gr\u00f6\u00dfer.<\/p>\n","protected":false},"author":2,"featured_media":7234,"comment_status":"closed","ping_status":"open","sticky":false,"template":"","format":"standard","meta":{"_monsterinsights_skip_tracking":false,"_monsterinsights_sitenote_active":false,"_monsterinsights_sitenote_note":"","_monsterinsights_sitenote_category":0,"footnotes":""},"categories":[289],"tags":[500,501,393],"class_list":["post-8081","post","type-post","status-publish","format-standard","has-post-thumbnail","hentry","category-competencias-interpersonales-es","tag-accesibilidad-es","tag-discapacidad-es","tag-formacion-continua-es"],"_links":{"self":[{"href":"https:\/\/www.pinktum.com\/es\/wp-json\/wp\/v2\/posts\/8081","targetHints":{"allow":["GET"]}}],"collection":[{"href":"https:\/\/www.pinktum.com\/es\/wp-json\/wp\/v2\/posts"}],"about":[{"href":"https:\/\/www.pinktum.com\/es\/wp-json\/wp\/v2\/types\/post"}],"author":[{"embeddable":true,"href":"https:\/\/www.pinktum.com\/es\/wp-json\/wp\/v2\/users\/2"}],"replies":[{"embeddable":true,"href":"https:\/\/www.pinktum.com\/es\/wp-json\/wp\/v2\/comments?post=8081"}],"version-history":[{"count":0,"href":"https:\/\/www.pinktum.com\/es\/wp-json\/wp\/v2\/posts\/8081\/revisions"}],"wp:featuredmedia":[{"embeddable":true,"href":"https:\/\/www.pinktum.com\/es\/wp-json\/wp\/v2\/media\/7234"}],"wp:attachment":[{"href":"https:\/\/www.pinktum.com\/es\/wp-json\/wp\/v2\/media?parent=8081"}],"wp:term":[{"taxonomy":"category","embeddable":true,"href":"https:\/\/www.pinktum.com\/es\/wp-json\/wp\/v2\/categories?post=8081"},{"taxonomy":"post_tag","embeddable":true,"href":"https:\/\/www.pinktum.com\/es\/wp-json\/wp\/v2\/tags?post=8081"}],"curies":[{"name":"wp","href":"https:\/\/api.w.org\/{rel}","templated":true}]}}