{"id":22517,"date":"2025-06-10T16:30:30","date_gmt":"2025-06-10T14:30:30","guid":{"rendered":"https:\/\/www.pinktum.com\/?p=22517"},"modified":"2025-06-11T18:47:50","modified_gmt":"2025-06-11T16:47:50","slug":"der-europaeische-ki-vorsprung-beginnt-mit-vernetzung","status":"publish","type":"post","link":"https:\/\/www.pinktum.com\/de\/trends-innovationen\/der-europaeische-ki-vorsprung-beginnt-mit-vernetzung\/","title":{"rendered":"Der europ\u00e4ische KI-Vorsprung beginnt mit Vernetzung"},"content":{"rendered":"\t\t<div data-elementor-type=\"wp-post\" data-elementor-id=\"22517\" class=\"elementor elementor-22517\" data-elementor-post-type=\"post\">\n\t\t\t\t<div class=\"elementor-element elementor-element-3e6f69b e-flex e-con-boxed e-con e-parent\" data-id=\"3e6f69b\" data-element_type=\"container\" data-settings=\"{&quot;jet_parallax_layout_list&quot;:[]}\">\n\t\t\t\t\t<div class=\"e-con-inner\">\n\t\t\t\t<div class=\"elementor-element elementor-element-94efd26 elementor-widget elementor-widget-text-editor\" data-id=\"94efd26\" data-element_type=\"widget\" data-widget_type=\"text-editor.default\">\n\t\t\t\t<div class=\"elementor-widget-container\">\n\t\t\t\t\t\t\t\t\t<h6><strong>Der internationale KI-Wettlauf hat in den letzten drei Jahren stark an Tempo gewonnen. Hat Europa noch Chancen aufzuholen \u2013 oder sogar zu f\u00fchren?<\/strong><\/h6><p>Diese war eine der Fragen auf der Latitude59 in Tallinn, einer der wichtigsten Tech- und Startup-Konferenzen Europas. Ende Mai trafen sich dort Gr\u00fcnder, Investoren, Politiker und Vordenker aus \u00fcber 70 L\u00e4ndern, um \u00fcber K\u00fcnstliche Intelligenz, digitale Souver\u00e4nit\u00e4t und Europas strategische Chancen zu sprechen.<\/p><p>Der Livepodcast <strong>\u201eThe European AI Edge\u201c (Europas KI-Vorsprung)<\/strong> mit <strong>Alois Krtil<\/strong> (ARIC und PINKTUM, Hamburg), Kirke Maar (AI &amp; Robotics Estonia) und <strong>Mikael Ljungblom<\/strong> (AI Sweden) liefert dazu wichtige Antworten:<\/p><h3>Die Ressourcen nutzen<\/h3><p>Alois Krtil betonte Europas Werte, Talente und die Chance, KI menschenzentriert zu gestalten und dies als Wettbewerbsvorteil zu nutzen. Viele kluge K\u00f6pfe in den gro\u00dfen US-Tech-Firmen stammten aus Europa, dieses Potenzial m\u00fcsse zur\u00fcckgewonnen werden. Ein Schwachpunkt wurde klar benannt: die mangelhafte Umsetzung guter Forschung in die Praxis. \u201eWir m\u00fcssen das klassische Thesenparadigma durchbrechen und Studierende an Validierungsprojekte in Unternehmen heranf\u00fchren\u201c, sagte Kirke Maar. Die Universit\u00e4ten sollten handlungsorientierter wirken, damit die Gesellschaft besser profitiere. Auch Mikael Ljungblom forderte \u201ek\u00fcrzere, flexiblere Innovationszyklen.\u201c<\/p><h3>Vernetzte \u00d6kosysteme<\/h3><p>Alois Krtil warb f\u00fcr <strong>mehr grenz\u00fcberschreitende Kooperation<\/strong>. Europa verf\u00fcge zwar \u00fcber eine kritische Masse von 450 Millionen Menschen, handele aber zu oft national. Dennoch sieht er gerade darin eine Chance: \u201eWenn die Mitgliedstaaten dem Beispiel derjenigen folgen, die schneller sind \u2013 zum Beispiel Estland \u2013 k\u00f6nnten wir die Fragmentierung zu unserem Vorteil nutzen.\u201c Mutige, regionale Piloten sollen zur Transformation beitragen.<\/p><figure id=\"attachment_22612\" aria-describedby=\"caption-attachment-22612\" style=\"width: 592px\" class=\"wp-caption alignnone\"><img fetchpriority=\"high\" decoding=\"async\" src=\"https:\/\/www.pinktum.com\/wp-content\/uploads\/2025\/06\/IMG_9248.webp\" alt=\"\" width=\"592\" height=\"480\" \/><figcaption id=\"caption-attachment-22612\" class=\"wp-caption-text\">PINKTUM KI-Delegation in Estland mit Christian Steinberg (m.)<\/figcaption><\/figure><figure id=\"attachment_22608\" aria-describedby=\"caption-attachment-22608\" style=\"width: 432px\" class=\"wp-caption alignleft\"><img decoding=\"async\" src=\"https:\/\/www.pinktum.com\/wp-content\/uploads\/2025\/06\/IMG_9334.webp\" alt=\"\" width=\"432\" height=\"598\" \/><figcaption id=\"caption-attachment-22608\" class=\"wp-caption-text\">Empfang in der Residenz der deutschen Botschaft in Tallinn. Carsten Bode, Mario Sauder, Joachim Pawlik (v.l.n.r.)<\/figcaption><\/figure><h6><strong>Mario Sauder, Deutsche Botschaft Tallinn<\/strong><\/h6><p><em>\u201eIn Estland herrscht eine gute Kombination aus Innovationsfreundlichkeit, Technologieoffenheit und Smartness. Hier werde Dinge probiert, mit einem klaren Ziel, an dem man dranbleibt, ohne aber direkt das komplett fertige Produkt im Kopf haben zu m\u00fcssen.\u201c<\/em><\/p><h6><strong>Carsten Bode, Unternehmer und Investor<\/strong><\/h6><p><em>\u201eDie Reise nach Tallinn war inspirierend. Meine pers\u00f6nlichen Highlights: Vortr\u00e4ge zu Agentic AI und die Erkenntnis, wie digitalisiert Estland bereits ist und mit welcher Geschwindigkeit sich das Land weiterentwickelt.\u201c<\/em><\/p><h6><strong>Christian Steinberg, Investor<\/strong><\/h6><p><em>\u201eDie Esten sagen, wir sind eine starke Gemeinschaft, wir bringen unser Land ganz weit nach vorne und sind bereit, mit jedem in der EU zu teilen. Und darum geht es jetzt, unsere Kr\u00e4fte zu b\u00fcndeln.\u201c<\/em><\/p><figure id=\"attachment_22574\" aria-describedby=\"caption-attachment-22574\" style=\"width: 1024px\" class=\"wp-caption aligncenter\"><img decoding=\"async\" src=\"https:\/\/www.pinktum.com\/wp-content\/uploads\/2025\/06\/Kristina-Behrend_Mikael-Ljungblom-1024x831.webp\" alt=\"\" width=\"1024\" height=\"831\" data-wp-editing=\"1\" \/><figcaption id=\"caption-attachment-22574\" class=\"wp-caption-text\">Mikael Ljungblom mit Kristina Behrend auf der Latitude59 in Estland<\/figcaption><\/figure><h3>\u201eNie auf die L\u00f6sungen von gestern verlassen\u201c<\/h3><h5>Auf der Tech-Konferenz Latitude 59 sprachen wir mit dem schwedischen Technologie-Strategen Mikael Ljungblom dar\u00fcber, was Europa braucht, um sein digitales Potenzial zu entfalten und warum unsere nordeurop\u00e4ischen Nachbarn hierbei so erfolgreich sind. <span data-teams=\"true\">Mikael Ljungblom ist Direktor f\u00fcr \u00f6ffentliche Politik und internationale Beziehungen bei AI Sweden, der nationalen Initiative Schwedens zur F\u00f6rderung der Nutzung von K\u00fcnstlicher Intelligenz (KI) in Industrie, Wissenschaft und Gesellschaft.\u00a0<\/span><\/h5><h6><strong>Sch\u00f6n, dich hier in Tallinn zu sehen. Was nimmst du als wichtigste Eindr\u00fccke von der Konferenz mit?<\/strong><\/h6><p><em>Hier herrscht immer eine besondere Dynamik \u2013 Menschen aus aller Welt kommen zusammen, und man sp\u00fcrt einen positiven Aufbruch. Das gef\u00e4llt mir sehr. Nach Estland zu kommen, ist jedes Mal ein Gewinn.<br \/><\/em><\/p><h6><strong><em>Estland gilt international als Vorreiter im Bereich der Digitalisierung und schreitet im Bereich K\u00fcnstliche Intelligenz ambitioniert voran.\u00a0<\/em><span style=\"color: inherit; font-family: inherit; font-size: 1rem;\">Was machen Start-ups, Investoren und Institutionen hier besonders gut?<\/span><\/strong><\/h6><p><i>Diese Haltung, sich st\u00e4ndig weiterzuentwickeln, nie stehenzubleiben, nie auf den L\u00f6sungen von gestern zu verlassen. Das ist inspirierend. Der Rest Europas sollte sich davon deutlich mehr abschauen. Immer auf den n\u00e4chsten Technologiesprung vorbereitet sein, offen sein f\u00fcr Ver\u00e4nderungen, sich flexibel auf neue Rahmenbedingungen einstellen \u2013 das ist entscheidend. Als kleines Land ist Estland gewisserma\u00dfen gezwungen, sich global anzupassen. Und genau das ist eine gro\u00dfe St\u00e4rke.<\/i><\/p><h6><strong>Wir erleben aktuell eine enorme Innovationswelle im Bereich KI. Wo siehst du die gr\u00f6\u00dften Chancen durch die neuen Technologien?<\/strong><\/h6><p><i>Die Chancen sind vielf\u00e4ltig und betreffen praktisch alle Bereiche, auch den \u00f6ffentlichen Sektor: etwa das Gesundheitswesen, die Bildung oder die Art, wie staatliche Leistungen erbracht werden. Das Potenzial ist riesig. Europa hat bereits viele starke globale Unternehmen. Diese m\u00fcssen KI k\u00fcnftig viel konsequenter integrieren, um effizienter und wettbewerbsf\u00e4higer zu werden.<\/i><\/p><figure id=\"attachment_22585\" aria-describedby=\"caption-attachment-22585\" style=\"width: 300px\" class=\"wp-caption alignleft\"><img loading=\"lazy\" decoding=\"async\" src=\"https:\/\/www.pinktum.com\/wp-content\/uploads\/2025\/06\/Alois-Krtil-Latidue59-300x194.webp\" alt=\"\" width=\"300\" height=\"194\" \/><figcaption id=\"caption-attachment-22585\" class=\"wp-caption-text\">Alois Krtil (r.), CTO PINKTUM<\/figcaption><\/figure><h6><strong>Im Panel mit Alois Krtil hast du \u00fcber Europas Wettbewerbsf\u00e4higkeit im globalen Technologie- und KI-Rennen gesprochen \u2013 ein Thema, das schon l\u00e4nger diskutiert wird. Wenn du auf das vergangene Jahr zur\u00fcckblickst: Holt Europa auf?<\/strong><\/h6><p><i>Ich habe den Eindruck, dass in Br\u00fcssel, also auf EU-Ebene, mittlerweile ein echtes Bewusstsein daf\u00fcr entstanden ist: \u201eDas ist jetzt ernst.\u201c Die Dinge ver\u00e4ndern sich rasant \u2013 und wir m\u00fcssen mit neuen Ans\u00e4tzen darauf reagieren. Dieses Umdenken ist f\u00fcr mich die gr\u00f6\u00dfte Ver\u00e4nderung gegen\u00fcber dem Vorjahr. Was die konkreten Ergebnisse angeht \u2013 das bleibt abzuwarten. Aber der erste notwendige Schritt ist getan: Die Einsicht, dass Regulierung allein nicht reicht. Wenn wir wirklich wettbewerbsf\u00e4hig sein wollen, m\u00fcssen wir auch aktiv gestalten.<\/i><\/p><h6><strong>Nordeuropa gilt als Vorbild in Sachen Bildung. Wie wird KI hier in diesem Kontext betrachtet?<\/strong><\/h6><p><em>Estland liegt bei den PISA-Ergebnissen europaweit an der Spitze. In den nordischen L\u00e4ndern leben wir in relativ homogenen Gesellschaften mit einer hohen Technikaffinit\u00e4t \u2013 das hilft enorm. Neue Technologien sto\u00dfen in der Regel kaum auf Widerstand, selbst bei \u00e4lteren Generationen, w\u00fcrde ich sagen \u2013 zumindest im Vergleich zu anderen L\u00e4ndern. Das ist ein klarer Vorteil, den wir in Skandinavien und im Baltikum gemeinsam haben.<\/em><\/p>\t\t\t\t\t\t\t\t<\/div>\n\t\t\t\t<\/div>\n\t\t\t\t\t<\/div>\n\t\t\t\t<\/div>\n\t\t\t\t<\/div>\n\t\t","protected":false},"excerpt":{"rendered":"<p>Der internationale KI-Wettlauf hat in den letzten drei Jahren stark an Tempo gewonnen. Hat Europa noch Chancen aufzuholen \u2013 oder sogar zu f\u00fchren? Diese war eine der Fragen auf der Latitude59 in Tallinn, einer der wichtigsten Tech- und Startup-Konferenzen Europas. Ende Mai trafen sich dort Gr\u00fcnder, Investoren, Politiker und Vordenker aus \u00fcber 70 L\u00e4ndern, um [&hellip;]<\/p>\n","protected":false},"author":6,"featured_media":22566,"comment_status":"closed","ping_status":"open","sticky":false,"template":"","format":"standard","meta":{"_monsterinsights_skip_tracking":false,"_monsterinsights_sitenote_active":false,"_monsterinsights_sitenote_note":"","_monsterinsights_sitenote_category":0,"footnotes":""},"categories":[37],"tags":[],"class_list":["post-22517","post","type-post","status-publish","format-standard","has-post-thumbnail","hentry","category-trends-innovationen"],"_links":{"self":[{"href":"https:\/\/www.pinktum.com\/de\/wp-json\/wp\/v2\/posts\/22517","targetHints":{"allow":["GET"]}}],"collection":[{"href":"https:\/\/www.pinktum.com\/de\/wp-json\/wp\/v2\/posts"}],"about":[{"href":"https:\/\/www.pinktum.com\/de\/wp-json\/wp\/v2\/types\/post"}],"author":[{"embeddable":true,"href":"https:\/\/www.pinktum.com\/de\/wp-json\/wp\/v2\/users\/6"}],"replies":[{"embeddable":true,"href":"https:\/\/www.pinktum.com\/de\/wp-json\/wp\/v2\/comments?post=22517"}],"version-history":[{"count":0,"href":"https:\/\/www.pinktum.com\/de\/wp-json\/wp\/v2\/posts\/22517\/revisions"}],"wp:featuredmedia":[{"embeddable":true,"href":"https:\/\/www.pinktum.com\/de\/wp-json\/wp\/v2\/media\/22566"}],"wp:attachment":[{"href":"https:\/\/www.pinktum.com\/de\/wp-json\/wp\/v2\/media?parent=22517"}],"wp:term":[{"taxonomy":"category","embeddable":true,"href":"https:\/\/www.pinktum.com\/de\/wp-json\/wp\/v2\/categories?post=22517"},{"taxonomy":"post_tag","embeddable":true,"href":"https:\/\/www.pinktum.com\/de\/wp-json\/wp\/v2\/tags?post=22517"}],"curies":[{"name":"wp","href":"https:\/\/api.w.org\/{rel}","templated":true}]}}